{"id":1450,"date":"2019-09-02T12:27:36","date_gmt":"2019-09-02T09:27:36","guid":{"rendered":"https:\/\/vastuu.fi\/?p=1450"},"modified":"2019-09-07T14:23:13","modified_gmt":"2019-09-07T11:23:13","slug":"psvn-kannanotto-ilmastotekojen-aika-on-nyt","status":"publish","type":"post","link":"https:\/\/vastuu.fi\/?p=1450","title":{"rendered":"PSV:n kannanotto: Ilmastotekojen aika on nyt"},"content":{"rendered":"\n<p>Psykologien\n Sosiaalinen Vastuu ry osoittaa tukensa kansainv\u00e4liselle Earth Strike \n-kampanjalle, joka vaatii hallituksilta sek\u00e4 yrityksilt\u00e4 konkreettisia \nja v\u00e4litt\u00f6mi\u00e4 ilmastotekoja. <\/p>\n\n\n\n<p>Ilmastokriisist\u00e4\n k\u00e4rsiv\u00e4t sek\u00e4 tulevat k\u00e4rsim\u00e4\u00e4n erityisesti kaikista k\u00f6yhimm\u00e4t ja \nhaavoittuvaisimmat ihmiset. My\u00f6s ilmastokriisin psyykkiset vaikutukset \nosuvat rajuimmin jo valmiiksi psyykkisesti kaikista haavoittuvaisimpiin,\n kuten lapsiin, nuoriin, mielenterveyden h\u00e4iri\u00f6ist\u00e4 k\u00e4rsiviin ja \nylip\u00e4\u00e4t\u00e4\u00e4n yhteiskunnallisesti heikommassa asemassa oleviin.<\/p>\n\n\n\n<p>Ilmastokriisi\n aiheuttaa sek\u00e4 suoria ett\u00e4 v\u00e4lillisi\u00e4 psyykkisi\u00e4 vaikutuksia. Suoria \nvaikutuksia ovat ilmastokriisin pahentamien luonnonilmi\u00f6iden, kuten \nhelleaaltojen ja tulvien, vaikutukset mielenterveyteen. On my\u00f6s \nesitetty, ett\u00e4 Suomessa kaamosoireilu ja itsemurhakuolleisuus voivat \nlis\u00e4\u00e4nty\u00e4 sen vuoksi, ett\u00e4 talvet synkkenev\u00e4t pilvisyyden ja sadem\u00e4\u00e4rien\n kasvaessa sek\u00e4 lumen v\u00e4hentyess\u00e4. V\u00e4lilliset vaikutukset puolestaan \nn\u00e4kyv\u00e4t ihmiselle t\u00e4rke\u00e4n ymp\u00e4rist\u00f6n (ekosysteemin ja\/tai rakennetun \nymp\u00e4rist\u00f6n) vaurioitumisen aiheuttamassa psyykkisess\u00e4 kuormittumisessa. \nOn todenn\u00e4k\u00f6ist\u00e4, ett\u00e4 n\u00e4m\u00e4 vaikutukset tulevat n\u00e4kym\u00e4\u00e4n tulevaisuudessa\n yh\u00e4 useammilla esiintyvin\u00e4 ja yh\u00e4 vakava-asteisempina mielenterveyden \nh\u00e4iri\u00f6in\u00e4.<\/p>\n\n\n\n<p>Ilmastokriisin  psyykkiset seuraukset ovat siis merkitt\u00e4vi\u00e4 ja niiden voi olettaa yh\u00e4  pahenevan ilmastokriisin edistymisen my\u00f6t\u00e4. Niin sanottu ilmastoahdistus  ei kuitenkaan itsess\u00e4\u00e4n ole sairaus, vaan luonnollinen reaktio  ymp\u00e4rist\u00f6n vaarantumisen vakavuudelle. Ahdistus voi toimia my\u00f6s  voimavarana ja toimeenpanevana tekij\u00e4n\u00e4, mutta t\u00e4m\u00e4 edellytt\u00e4\u00e4 sit\u00e4, ett\u00e4  ihmisell\u00e4 on riitt\u00e4v\u00e4sti toimintamahdollisuuksia ilmastokriisin  ratkaisemiseksi.<\/p>\n\n\n\n<p>Ahdistus\n usein syntyy ep\u00e4toivosta, voimattomuuden tunteesta ja siit\u00e4, ettei \nmit\u00e4\u00e4n tehd\u00e4, vaikka tiedet\u00e4\u00e4n, ett\u00e4 nyt on aika toimia. Keskeinen keino\n ilmastokriisin psyykkisten vaikutusten lievent\u00e4miseksi on siis \ntoiminta. Earth Strike -kampanja vaatii, ett\u00e4 1) Hallitus tiedottaa \nilmastokriisin uhkista totuudenmukaisesti ja ymm\u00e4rrett\u00e4v\u00e4sti 2) Suomi \nsitoutuu ilmastolaissa rajoittamaan kasvihuonekaasup\u00e4\u00e4st\u00f6j\u00e4 niin, ett\u00e4 \nilmaston kuumeneminen voidaan pys\u00e4ytt\u00e4\u00e4 1,5 asteeseen 3) Kaikki suorat \nja ep\u00e4suorat fossiilisten polttoaineiden tuet tulee lakkauttaa sek\u00e4 4) \nSiirtym\u00e4n fossiilivapaaseen yhteiskuntaan tulee tapahtua sosiaalisesti \noikeudenmukaisesti.<\/p>\n\n\n\n<p>L\u00e4hteet:  Panu Pihkala : Ilmastoahdistus ja sen kanssa el\u00e4minen (2019) sek\u00e4 Reija  Ruuhela : Impacts of Weather and Climate on Mortality and Self-harm in  Finland (2018)<br><br>Psykologien Sosiaalinen Vastuu ry:n puolesta<br><br>Julia Sangervo<br>Psykologian opiskelija<br><\/p>\n\n\n\n<p><br><\/p>\n","protected":false},"excerpt":{"rendered":"<p>Psykologien Sosiaalinen Vastuu ry osoittaa tukensa kansainv\u00e4liselle Earth Strike -kampanjalle, joka vaatii hallituksilta sek\u00e4 yrityksilt\u00e4 konkreettisia ja v\u00e4litt\u00f6mi\u00e4 ilmastotekoja. Ilmastokriisist\u00e4 k\u00e4rsiv\u00e4t sek\u00e4 tulevat k\u00e4rsim\u00e4\u00e4n erityisesti kaikista k\u00f6yhimm\u00e4t ja haavoittuvaisimmat ihmiset. My\u00f6s ilmastokriisin psyykkiset vaikutukset osuvat rajuimmin jo valmiiksi psyykkisesti kaikista haavoittuvaisimpiin, kuten lapsiin, nuoriin, mielenterveyden h\u00e4iri\u00f6ist\u00e4 k\u00e4rsiviin ja ylip\u00e4\u00e4t\u00e4\u00e4n yhteiskunnallisesti heikommassa asemassa oleviin. Ilmastokriisi aiheuttaa [&hellip;]<\/p>\n","protected":false},"author":5,"featured_media":1452,"comment_status":"closed","ping_status":"open","sticky":false,"template":"","format":"standard","meta":{"_monsterinsights_skip_tracking":false,"_monsterinsights_sitenote_active":false,"_monsterinsights_sitenote_note":"","_monsterinsights_sitenote_category":0,"footnotes":""},"categories":[4],"tags":[],"class_list":["post-1450","post","type-post","status-publish","format-standard","has-post-thumbnail","hentry","category-psvn-jarjestoblogi"],"_links":{"self":[{"href":"https:\/\/vastuu.fi\/index.php?rest_route=\/wp\/v2\/posts\/1450","targetHints":{"allow":["GET"]}}],"collection":[{"href":"https:\/\/vastuu.fi\/index.php?rest_route=\/wp\/v2\/posts"}],"about":[{"href":"https:\/\/vastuu.fi\/index.php?rest_route=\/wp\/v2\/types\/post"}],"author":[{"embeddable":true,"href":"https:\/\/vastuu.fi\/index.php?rest_route=\/wp\/v2\/users\/5"}],"replies":[{"embeddable":true,"href":"https:\/\/vastuu.fi\/index.php?rest_route=%2Fwp%2Fv2%2Fcomments&post=1450"}],"version-history":[{"count":5,"href":"https:\/\/vastuu.fi\/index.php?rest_route=\/wp\/v2\/posts\/1450\/revisions"}],"predecessor-version":[{"id":1501,"href":"https:\/\/vastuu.fi\/index.php?rest_route=\/wp\/v2\/posts\/1450\/revisions\/1501"}],"wp:featuredmedia":[{"embeddable":true,"href":"https:\/\/vastuu.fi\/index.php?rest_route=\/wp\/v2\/media\/1452"}],"wp:attachment":[{"href":"https:\/\/vastuu.fi\/index.php?rest_route=%2Fwp%2Fv2%2Fmedia&parent=1450"}],"wp:term":[{"taxonomy":"category","embeddable":true,"href":"https:\/\/vastuu.fi\/index.php?rest_route=%2Fwp%2Fv2%2Fcategories&post=1450"},{"taxonomy":"post_tag","embeddable":true,"href":"https:\/\/vastuu.fi\/index.php?rest_route=%2Fwp%2Fv2%2Ftags&post=1450"}],"curies":[{"name":"wp","href":"https:\/\/api.w.org\/{rel}","templated":true}]}}