{"id":1758,"date":"2020-08-02T17:25:03","date_gmt":"2020-08-02T14:25:03","guid":{"rendered":"https:\/\/vastuu.fi\/?p=1758"},"modified":"2020-08-03T20:17:00","modified_gmt":"2020-08-03T17:17:00","slug":"erityislasten-huoltajilta-kiitos-avusta-ja-valittamisesta","status":"publish","type":"post","link":"https:\/\/vastuu.fi\/?p=1758","title":{"rendered":"Erityislasten huoltajilta kiitos avusta ja v\u00e4litt\u00e4misest\u00e4"},"content":{"rendered":"\n<p>\u201dPalestiinalaisen erityislapsen hyvinvoinnin turvaksi Libanonissa\u201d \u2013 kampanjan avustukset on jaettu perheneuvoloiden erityislasten perheille. Helsingin psykologiyhdistykselt\u00e4 (HEPSY) ja useilta yksitt\u00e4isilt\u00e4 lahjoittajilta saadut avustukset, yhteens\u00e4 5000 euroa l\u00e4hetettiin Libanoniin hein\u00e4kuun 2020 alussa.&nbsp;<\/p>\n\n\n\n<p>PSV:n Beit Atfal Assumoud -yhteisty\u00f6j\u00e4rjest\u00f6n sosiaality\u00f6ntekij\u00e4t jakoivat avustuksen erityislasten perheille hein\u00e4kuun viimeisen\u00e4 p\u00e4iv\u00e4n\u00e4 vietetyn Eid Al-Adha -juhlan yhteydess\u00e4<\/p>\n\n\n\n<p>Saidan perheneuvolan johtaja Mariam Sleiman l\u00e4hett\u00e4\u00e4 lahjoittajille ja PSV:lle kiitokset.&nbsp;<\/p>\n\n\n\n<p>Kuvat: Beit Atfal Assumoudin kuva-arkisto<\/p>\n\n\n\n<figure class=\"wp-block-image size-large\"><img loading=\"lazy\" decoding=\"async\" width=\"1024\" height=\"498\" src=\"https:\/\/vastuu.fi\/wp-content\/uploads\/2020\/08\/Eid-Al-Adha_\u00e4idit-ja-lapset-1-1024x498.jpg\" alt=\"\" class=\"wp-image-1764\" srcset=\"https:\/\/vastuu.fi\/wp-content\/uploads\/2020\/08\/Eid-Al-Adha_\u00e4idit-ja-lapset-1-1024x498.jpg 1024w, https:\/\/vastuu.fi\/wp-content\/uploads\/2020\/08\/Eid-Al-Adha_\u00e4idit-ja-lapset-1-300x146.jpg 300w, https:\/\/vastuu.fi\/wp-content\/uploads\/2020\/08\/Eid-Al-Adha_\u00e4idit-ja-lapset-1-768x373.jpg 768w, https:\/\/vastuu.fi\/wp-content\/uploads\/2020\/08\/Eid-Al-Adha_\u00e4idit-ja-lapset-1.jpg 1152w\" sizes=\"auto, (max-width: 1024px) 100vw, 1024px\" \/><figcaption>Perheneuvolassa \u00e4idit ja lapset askartelevat yhdess\u00e4. Tarkoituksena on kannustaa rohkaisevaan vuorovaikutukseen ja lis\u00e4t\u00e4 lapsen ja vanhemman v\u00e4list\u00e4 kielellist\u00e4 kanssak\u00e4ymist\u00e4. <br><\/figcaption><\/figure>\n\n\n\n<div class=\"wp-block-image\"><figure class=\"aligncenter size-large\"><img loading=\"lazy\" decoding=\"async\" width=\"768\" height=\"1024\" src=\"https:\/\/vastuu.fi\/wp-content\/uploads\/2020\/08\/Eid-Al-Adha_kiitt\u00e4j\u00e4t-Saidassa-768x1024.jpg\" alt=\"\" class=\"wp-image-1761\" srcset=\"https:\/\/vastuu.fi\/wp-content\/uploads\/2020\/08\/Eid-Al-Adha_kiitt\u00e4j\u00e4t-Saidassa-768x1024.jpg 768w, https:\/\/vastuu.fi\/wp-content\/uploads\/2020\/08\/Eid-Al-Adha_kiitt\u00e4j\u00e4t-Saidassa-225x300.jpg 225w, https:\/\/vastuu.fi\/wp-content\/uploads\/2020\/08\/Eid-Al-Adha_kiitt\u00e4j\u00e4t-Saidassa-1152x1536.jpg 1152w, https:\/\/vastuu.fi\/wp-content\/uploads\/2020\/08\/Eid-Al-Adha_kiitt\u00e4j\u00e4t-Saidassa-1536x2048.jpg 1536w, https:\/\/vastuu.fi\/wp-content\/uploads\/2020\/08\/Eid-Al-Adha_kiitt\u00e4j\u00e4t-Saidassa-scaled.jpg 1920w\" sizes=\"auto, (max-width: 768px) 100vw, 768px\" \/><figcaption>Kiitos, ett\u00e4 v\u00e4lit\u00e4t!<\/figcaption><\/figure><\/div>\n\n\n\n<div class=\"wp-block-group\"><div class=\"wp-block-group__inner-container is-layout-flow wp-block-group-is-layout-flow\">\n<figure class=\"wp-block-gallery alignright columns-2 is-cropped wp-block-gallery-1 is-layout-flex wp-block-gallery-is-layout-flex\"><ul class=\"blocks-gallery-grid\"><li class=\"blocks-gallery-item\"><figure><img loading=\"lazy\" decoding=\"async\" width=\"225\" height=\"300\" src=\"https:\/\/vastuu.fi\/wp-content\/uploads\/2020\/08\/Eid-Al-Adha_FGC-Saida_thanks-225x300.jpg\" alt=\"\" data-id=\"1762\" class=\"wp-image-1762\" srcset=\"https:\/\/vastuu.fi\/wp-content\/uploads\/2020\/08\/Eid-Al-Adha_FGC-Saida_thanks-225x300.jpg 225w, https:\/\/vastuu.fi\/wp-content\/uploads\/2020\/08\/Eid-Al-Adha_FGC-Saida_thanks-768x1024.jpg 768w, https:\/\/vastuu.fi\/wp-content\/uploads\/2020\/08\/Eid-Al-Adha_FGC-Saida_thanks-1152x1536.jpg 1152w, https:\/\/vastuu.fi\/wp-content\/uploads\/2020\/08\/Eid-Al-Adha_FGC-Saida_thanks-1536x2048.jpg 1536w, https:\/\/vastuu.fi\/wp-content\/uploads\/2020\/08\/Eid-Al-Adha_FGC-Saida_thanks-scaled.jpg 1920w\" sizes=\"auto, (max-width: 225px) 100vw, 225px\" \/><figcaption class=\"blocks-gallery-item__caption\">Kiitos!<\/figcaption><\/figure><\/li><li class=\"blocks-gallery-item\"><figure><img loading=\"lazy\" decoding=\"async\" width=\"225\" height=\"300\" src=\"https:\/\/vastuu.fi\/wp-content\/uploads\/2020\/08\/Eid-Al-Adha_Kaban-kivi-1-225x300.jpg\" alt=\"\" data-id=\"1765\" data-full-url=\"https:\/\/vastuu.fi\/wp-content\/uploads\/2020\/08\/Eid-Al-Adha_Kaban-kivi-1.jpg\" data-link=\"https:\/\/vastuu.fi\/?attachment_id=1765\" class=\"wp-image-1765\" srcset=\"https:\/\/vastuu.fi\/wp-content\/uploads\/2020\/08\/Eid-Al-Adha_Kaban-kivi-1-225x300.jpg 225w, https:\/\/vastuu.fi\/wp-content\/uploads\/2020\/08\/Eid-Al-Adha_Kaban-kivi-1-768x1024.jpg 768w, https:\/\/vastuu.fi\/wp-content\/uploads\/2020\/08\/Eid-Al-Adha_Kaban-kivi-1.jpg 960w\" sizes=\"auto, (max-width: 225px) 100vw, 225px\" \/><figcaption class=\"blocks-gallery-item__caption\">Kaaban kiveen liittyv\u00e4 teht\u00e4v\u00e4<\/figcaption><\/figure><\/li><\/ul><\/figure>\n<\/div><\/div>\n\n\n\n<p>Avustuksen saajissa on viel\u00e4 kahden muun perheneuvolan erityislapsia. Koko lahjoitussummasta saadaan viel\u00e4 kirjanpitoon selvitys.&nbsp;<\/p>\n\n\n\n<p>Kiitos Hepsylle, kiitos lahjoittajille. Avustus v\u00e4litt\u00e4\u00e4 erityislapsille ja heid\u00e4n perheilleen viesti\u00e4, ett\u00e4 kaukana Suomessa on ihmisi\u00e4, jotka ajattelevat heit\u00e4 ja tahtovat heille hyv\u00e4\u00e4.<\/p>\n\n\n","protected":false},"excerpt":{"rendered":"<p>\u201dPalestiinalaisen erityislapsen hyvinvoinnin turvaksi Libanonissa\u201d \u2013 kampanjan avustukset on jaettu perheneuvoloiden erityislasten perheille. Helsingin psykologiyhdistykselt\u00e4 (HEPSY) ja useilta yksitt\u00e4isilt\u00e4 lahjoittajilta saadut avustukset, yhteens\u00e4 5000 euroa l\u00e4hetettiin Libanoniin hein\u00e4kuun 2020 alussa.&nbsp; PSV:n Beit Atfal Assumoud -yhteisty\u00f6j\u00e4rjest\u00f6n sosiaality\u00f6ntekij\u00e4t jakoivat avustuksen erityislasten perheille hein\u00e4kuun viimeisen\u00e4 p\u00e4iv\u00e4n\u00e4 vietetyn Eid Al-Adha -juhlan yhteydess\u00e4 Saidan perheneuvolan johtaja Mariam Sleiman l\u00e4hett\u00e4\u00e4 lahjoittajille [&hellip;]<\/p>\n","protected":false},"author":4,"featured_media":1763,"comment_status":"closed","ping_status":"open","sticky":false,"template":"","format":"standard","meta":{"_monsterinsights_skip_tracking":false,"_monsterinsights_sitenote_active":false,"_monsterinsights_sitenote_note":"","_monsterinsights_sitenote_category":0,"footnotes":""},"categories":[1],"tags":[],"class_list":["post-1758","post","type-post","status-publish","format-standard","has-post-thumbnail","hentry","category-libanon_blogi"],"_links":{"self":[{"href":"https:\/\/vastuu.fi\/index.php?rest_route=\/wp\/v2\/posts\/1758","targetHints":{"allow":["GET"]}}],"collection":[{"href":"https:\/\/vastuu.fi\/index.php?rest_route=\/wp\/v2\/posts"}],"about":[{"href":"https:\/\/vastuu.fi\/index.php?rest_route=\/wp\/v2\/types\/post"}],"author":[{"embeddable":true,"href":"https:\/\/vastuu.fi\/index.php?rest_route=\/wp\/v2\/users\/4"}],"replies":[{"embeddable":true,"href":"https:\/\/vastuu.fi\/index.php?rest_route=%2Fwp%2Fv2%2Fcomments&post=1758"}],"version-history":[{"count":8,"href":"https:\/\/vastuu.fi\/index.php?rest_route=\/wp\/v2\/posts\/1758\/revisions"}],"predecessor-version":[{"id":1775,"href":"https:\/\/vastuu.fi\/index.php?rest_route=\/wp\/v2\/posts\/1758\/revisions\/1775"}],"wp:featuredmedia":[{"embeddable":true,"href":"https:\/\/vastuu.fi\/index.php?rest_route=\/wp\/v2\/media\/1763"}],"wp:attachment":[{"href":"https:\/\/vastuu.fi\/index.php?rest_route=%2Fwp%2Fv2%2Fmedia&parent=1758"}],"wp:term":[{"taxonomy":"category","embeddable":true,"href":"https:\/\/vastuu.fi\/index.php?rest_route=%2Fwp%2Fv2%2Fcategories&post=1758"},{"taxonomy":"post_tag","embeddable":true,"href":"https:\/\/vastuu.fi\/index.php?rest_route=%2Fwp%2Fv2%2Ftags&post=1758"}],"curies":[{"name":"wp","href":"https:\/\/api.w.org\/{rel}","templated":true}]}}