{"id":2572,"date":"2024-06-16T09:20:47","date_gmt":"2024-06-16T06:20:47","guid":{"rendered":"https:\/\/vastuu.fi\/?p=2572"},"modified":"2024-07-01T20:38:06","modified_gmt":"2024-07-01T17:38:06","slug":"hankehakemus-mielenterveyden-edistaminen-libanonin-pakolaisleireilla","status":"publish","type":"post","link":"https:\/\/vastuu.fi\/?p=2572","title":{"rendered":"Mielenterveyden edist\u00e4minen Libanonin pakolaisleireill\u00e4 &#8211; UM hyv\u00e4ksynyt PSV:n hankkeen vuosiksi 2025-2028"},"content":{"rendered":"\n<p>Hanke vahvistaa Libanonin pakolaisleireill\u00e4 toimivien perhekeskusten ammattilaisten kompetenssia ja psykologista resilienssi\u00e4 sek\u00e4 leireiss\u00e4 asuvien perheiden mielenterveytt\u00e4 ja kriisinkest\u00e4vyytt\u00e4 ajankohtaisessa akuutissa L\u00e4hi-id\u00e4n sotatilanteessa sek\u00e4 Libanonin yhteiskunnallisessa ep\u00e4vakaudessa. Anu Castaneda ja Sirkku Kivist\u00f6 ovat valmistelleet hakemuksen. Kun UM my\u00f6nt\u00e4\u00e4 anotun tuen, muodostetaan hankkeelle vet\u00e4j\u00e4tiimi. Hankeaika on 2025-2028.  UM:n tiedote p\u00e4\u00e4t\u00f6ksest\u00e4: https:\/\/um.fi\/kehityspolitiikan-kumppanit-kansalaisyhteiskunta<\/p>\n\n\n\n<p>Hankesuunnitelma <a href=\"https:\/\/vastuu.fi\/wp-content\/uploads\/2024\/06\/Avustushakemus_56ac9adb-e5ac-41c3-1bc2-08dc3a174919.pdf\" target=\"_blank\" rel=\"noreferrer noopener\">https:\/\/vastuu.fi\/wp-content\/uploads\/2024\/06\/Avustushakemus_56ac9adb-e5ac-41c3-1bc2-08dc3a174919.pdf<\/a><\/p>\n\n\n\n<p>PSV:n tukiker\u00e4ys Beit Atfal Assumoud -yhteisty\u00f6j\u00e4rjest\u00f6n perheneuvolaty\u00f6lle<br>FI33 8000 1900 7035 30<br>Viite 1656<br>Ker\u00e4yslupa Poliisihallitukselta 22.10.2020 RA\/2020\/1295<br>Ker\u00e4ys on samalla vaatimus toteuttaa valtion budjetissa YK:n asettama tavoite 0,7 prosenttiin kansantulosta.<\/p>\n","protected":false},"excerpt":{"rendered":"<p>Hanke vahvistaa Libanonin pakolaisleireill\u00e4 toimivien perhekeskusten ammattilaisten kompetenssia ja psykologista resilienssi\u00e4 sek\u00e4 leireiss\u00e4 asuvien perheiden mielenterveytt\u00e4 ja kriisinkest\u00e4vyytt\u00e4 ajankohtaisessa akuutissa L\u00e4hi-id\u00e4n sotatilanteessa sek\u00e4 Libanonin yhteiskunnallisessa ep\u00e4vakaudessa. Anu Castaneda ja Sirkku Kivist\u00f6 ovat valmistelleet hakemuksen. Kun UM my\u00f6nt\u00e4\u00e4 anotun tuen, muodostetaan hankkeelle vet\u00e4j\u00e4tiimi. Hankeaika on 2025-2028. UM:n tiedote p\u00e4\u00e4t\u00f6ksest\u00e4: https:\/\/um.fi\/kehityspolitiikan-kumppanit-kansalaisyhteiskunta Hankesuunnitelma https:\/\/vastuu.fi\/wp-content\/uploads\/2024\/06\/Avustushakemus_56ac9adb-e5ac-41c3-1bc2-08dc3a174919.pdf PSV:n tukiker\u00e4ys Beit Atfal [&hellip;]<\/p>\n","protected":false},"author":4,"featured_media":2356,"comment_status":"closed","ping_status":"open","sticky":false,"template":"","format":"standard","meta":{"_monsterinsights_skip_tracking":false,"_monsterinsights_sitenote_active":false,"_monsterinsights_sitenote_note":"","_monsterinsights_sitenote_category":0,"footnotes":""},"categories":[1],"tags":[],"class_list":["post-2572","post","type-post","status-publish","format-standard","has-post-thumbnail","hentry","category-libanon_blogi"],"_links":{"self":[{"href":"https:\/\/vastuu.fi\/index.php?rest_route=\/wp\/v2\/posts\/2572","targetHints":{"allow":["GET"]}}],"collection":[{"href":"https:\/\/vastuu.fi\/index.php?rest_route=\/wp\/v2\/posts"}],"about":[{"href":"https:\/\/vastuu.fi\/index.php?rest_route=\/wp\/v2\/types\/post"}],"author":[{"embeddable":true,"href":"https:\/\/vastuu.fi\/index.php?rest_route=\/wp\/v2\/users\/4"}],"replies":[{"embeddable":true,"href":"https:\/\/vastuu.fi\/index.php?rest_route=%2Fwp%2Fv2%2Fcomments&post=2572"}],"version-history":[{"count":5,"href":"https:\/\/vastuu.fi\/index.php?rest_route=\/wp\/v2\/posts\/2572\/revisions"}],"predecessor-version":[{"id":2642,"href":"https:\/\/vastuu.fi\/index.php?rest_route=\/wp\/v2\/posts\/2572\/revisions\/2642"}],"wp:featuredmedia":[{"embeddable":true,"href":"https:\/\/vastuu.fi\/index.php?rest_route=\/wp\/v2\/media\/2356"}],"wp:attachment":[{"href":"https:\/\/vastuu.fi\/index.php?rest_route=%2Fwp%2Fv2%2Fmedia&parent=2572"}],"wp:term":[{"taxonomy":"category","embeddable":true,"href":"https:\/\/vastuu.fi\/index.php?rest_route=%2Fwp%2Fv2%2Fcategories&post=2572"},{"taxonomy":"post_tag","embeddable":true,"href":"https:\/\/vastuu.fi\/index.php?rest_route=%2Fwp%2Fv2%2Ftags&post=2572"}],"curies":[{"name":"wp","href":"https:\/\/api.w.org\/{rel}","templated":true}]}}